{"id":322,"count":6,"description":"Szigetelt tet\u0151- \u00e9s fali termin\u00e1lok l\u00e9gelsz\u00edv\u00e1shoz \u00e9s l\u00e9gbevezet\u00e9shez","link":"https:\/\/demo.kamingroup.hu\/en\/kategoria\/stabile-hoszivattyu-es-napelem-kiegeszitok\/stabile-air-roof\/stabile-sky-stabile-air-roof\/","name":"Stabile Sky - Tet\u0151\/ Fali kivezet\u0151k","slug":"stabile-sky-stabile-air-roof","taxonomy":"product_cat","parent":318,"meta":[],"menu_order":19,"_links":{"self":[{"href":"https:\/\/demo.kamingroup.hu\/en\/wp-json\/wp\/v2\/product_cat\/322","targetHints":{"allow":["GET"]}}],"collection":[{"href":"https:\/\/demo.kamingroup.hu\/en\/wp-json\/wp\/v2\/product_cat"}],"about":[{"href":"https:\/\/demo.kamingroup.hu\/en\/wp-json\/wp\/v2\/taxonomies\/product_cat"}],"up":[{"embeddable":true,"href":"https:\/\/demo.kamingroup.hu\/en\/wp-json\/wp\/v2\/product_cat\/318"}],"wp:post_type":[{"href":"https:\/\/demo.kamingroup.hu\/en\/wp-json\/wp\/v2\/product?product_cat=322"}],"curies":[{"name":"wp","href":"https:\/\/api.w.org\/{rel}","templated":true}]}}