{"id":316,"count":1,"description":"A Stabile Air-San term\u00e9kcsal\u00e1d polietil\u00e9n alapanyag\u00fa flexibilis l\u00e9gcsatorn\u00e1kb\u00f3l \u00e1ll, amelyeket els\u0151sorban korszer\u0171 szell\u0151ztet\u0151 rendszerek l\u00e9geloszt\u00e1s\u00e1ra fejlesztettek ki. A k\u00f6nny\u0171, tart\u00f3s \u00e9s korr\u00f3zi\u00f3\u00e1ll\u00f3 kialak\u00edt\u00e1s hossz\u00fa \u00e9lettartamot biztos\u00edt, mik\u00f6zben t\u00e1mogatja a higi\u00e9nikus \u00e9s hat\u00e9kony leveg\u0151sz\u00e1ll\u00edt\u00e1st lakoss\u00e1gi \u00e9s k\u00f6z\u00f6ss\u00e9gi \u00e9p\u00fcletekben egyar\u00e1nt.","link":"https:\/\/demo.kamingroup.hu\/en\/kategoria\/hybalans-szellozteto-rendszerek\/stabile-air-iso-system\/stabile-air-san\/","name":"Stabile Air-San","slug":"stabile-air-san","taxonomy":"product_cat","parent":301,"meta":[],"menu_order":4,"_links":{"self":[{"href":"https:\/\/demo.kamingroup.hu\/en\/wp-json\/wp\/v2\/product_cat\/316","targetHints":{"allow":["GET"]}}],"collection":[{"href":"https:\/\/demo.kamingroup.hu\/en\/wp-json\/wp\/v2\/product_cat"}],"about":[{"href":"https:\/\/demo.kamingroup.hu\/en\/wp-json\/wp\/v2\/taxonomies\/product_cat"}],"up":[{"embeddable":true,"href":"https:\/\/demo.kamingroup.hu\/en\/wp-json\/wp\/v2\/product_cat\/301"}],"wp:post_type":[{"href":"https:\/\/demo.kamingroup.hu\/en\/wp-json\/wp\/v2\/product?product_cat=316"}],"curies":[{"name":"wp","href":"https:\/\/api.w.org\/{rel}","templated":true}]}}